{"id":605,"date":"2013-07-26T10:12:11","date_gmt":"2013-07-26T09:12:11","guid":{"rendered":"http:\/\/www.geraldgarcia.com\/wordpress\/?p=605"},"modified":"2014-11-22T07:52:36","modified_gmt":"2014-11-22T06:52:36","slug":"david-russells-elegy-for-the-victims-of-the-santiago-train-accident","status":"publish","type":"post","link":"http:\/\/geraldgarcia.com\/?p=605","title":{"rendered":"David Russell&#8217;s Elegy for the victims of the Santiago train accident"},"content":{"rendered":"<p><a href=\"https:\/\/www.facebook.com\/photo.php?v=501836186569177&amp;set=vb.20781072907&amp;type=2&amp;theater\" target=\"_blank\">Link to David Russell playing Celtic melody<\/a><br \/>\n<iframe loading=\"lazy\" src=\"https:\/\/www.facebook.com\/video\/embed?video_id=501836186569177\" height=\"370\" width=\"820\" frameborder=\"0\"><\/iframe><\/p>\n<p>&#8220;Estamos en duelo por el tr\u00e1gico accidente de tren en Santiago, la ciudad donde Mar\u00eda Jes\u00fas y yo nos conocimos y que est\u00e1 tan cerca de nuestro coraz\u00f3n. Nuestro sentido homenaje a las v\u00edctimas y nuestro apoyo moral a las familias y a los supervivientes.&#8221;<\/p>\n<p>&#8220;We are in mourning for the tragic train accident in our beloved Santiago (Spain), the city where Mar\u00eda Jes\u00fas and I met. A Celtic melody in memory of the victims and our moral support to their families and the survivors.&#8221;<\/p>\n<p>&#8211;<strong><a href=\"https:\/\/www.facebook.com\/davidrussellguitar\" target=\"_blank\">David Russell<\/a><\/strong><\/p>\n<p>&#8220;<a href=\"http:\/\/www.contemplator.com\/ireland\/harp.html\" target=\"_blank\">My Gentle Harp<\/a>&#8221; arranged \u00a0by Gerald Garcia<\/p>\n<p>Get the music <a href=\"http:\/\/geraldgarcia.com.c51.previewmysite.eu\/WPress\/?page_id=882\/\">here<\/a><\/p>\n","protected":false},"excerpt":{"rendered":"<p>Link to David Russell playing Celtic melody &#8220;Estamos en duelo por el tr\u00e1gico accidente de tren en Santiago, la ciudad donde Mar\u00eda Jes\u00fas y yo nos conocimos y que est\u00e1 tan cerca de nuestro coraz\u00f3n. Nuestro sentido homenaje a las &hellip; <a href=\"http:\/\/geraldgarcia.com\/?p=605\">Continue reading <span class=\"meta-nav\">&rarr;<\/span><\/a><\/p>\n","protected":false},"author":1,"featured_media":247767,"comment_status":"open","ping_status":"open","sticky":false,"template":"","format":"standard","meta":[],"categories":[11,4,77,41,24],"tags":[211,21,977,214,212,215],"_links":{"self":[{"href":"http:\/\/geraldgarcia.com\/index.php?rest_route=\/wp\/v2\/posts\/605"}],"collection":[{"href":"http:\/\/geraldgarcia.com\/index.php?rest_route=\/wp\/v2\/posts"}],"about":[{"href":"http:\/\/geraldgarcia.com\/index.php?rest_route=\/wp\/v2\/types\/post"}],"author":[{"embeddable":true,"href":"http:\/\/geraldgarcia.com\/index.php?rest_route=\/wp\/v2\/users\/1"}],"replies":[{"embeddable":true,"href":"http:\/\/geraldgarcia.com\/index.php?rest_route=%2Fwp%2Fv2%2Fcomments&post=605"}],"version-history":[{"count":11,"href":"http:\/\/geraldgarcia.com\/index.php?rest_route=\/wp\/v2\/posts\/605\/revisions"}],"predecessor-version":[{"id":127586,"href":"http:\/\/geraldgarcia.com\/index.php?rest_route=\/wp\/v2\/posts\/605\/revisions\/127586"}],"wp:featuredmedia":[{"embeddable":true,"href":"http:\/\/geraldgarcia.com\/index.php?rest_route=\/wp\/v2\/media\/247767"}],"wp:attachment":[{"href":"http:\/\/geraldgarcia.com\/index.php?rest_route=%2Fwp%2Fv2%2Fmedia&parent=605"}],"wp:term":[{"taxonomy":"category","embeddable":true,"href":"http:\/\/geraldgarcia.com\/index.php?rest_route=%2Fwp%2Fv2%2Fcategories&post=605"},{"taxonomy":"post_tag","embeddable":true,"href":"http:\/\/geraldgarcia.com\/index.php?rest_route=%2Fwp%2Fv2%2Ftags&post=605"}],"curies":[{"name":"wp","href":"https:\/\/api.w.org\/{rel}","templated":true}]}}